{"id":2917,"date":"2022-09-08T23:00:38","date_gmt":"2022-09-08T21:00:38","guid":{"rendered":"https:\/\/contrebandiers.org\/programme-et-horaires-definitifs-pour-contrebandiers-2022\/"},"modified":"2022-09-08T23:00:38","modified_gmt":"2022-09-08T21:00:38","slug":"programme-et-horaires-definitifs-pour-contrebandiers-2022","status":"publish","type":"post","link":"https:\/\/contrebandiers.org\/fr\/programme-et-horaires-definitifs-pour-contrebandiers-2022\/","title":{"rendered":"Programme et horaires d\u00e9finitifs pour Contrebandiers 2022!"},"content":{"rendered":"<p class=\"p1\">Nous vous avons promis que Contrebandiers sera <strong>La f\u00eate sportive Pyr\u00e9n\u00e9ene,<\/strong> et voici la preuve que le week-end du 1er et 2 octobre sera une date que vous ne pourrez pas oublier.<\/p>\n<p class=\"p1\">Jetez un coup d&rsquo;\u0153il \u00e0 tous <strong>les \u00e9v\u00e9nements que nous avons pr\u00e9par\u00e9s<\/strong> pour que les athl\u00e8tes, les amis ou simplement les amoureux des Pyr\u00e9n\u00e9es n&rsquo;aient pas un moment pour s&rsquo;ennuyer.<\/p>\n<p class=\"p1\">Vous trouverez \u00e9galement \u00e0 tout les d\u00e9parts de chaque \u00e9tape, les transferts et bien d&rsquo;autres choses !<\/p>\n<p class=\"p1\">Et n&rsquo;oubliez pas que, <strong>si vous avez encore des doutes, vous pouvez nous envoyer un e-mail \u00e0 info@contrebandiers.org, nous appeler au +34 623180825<\/strong> ou lire <a href=\"https:\/\/contrebandiers.org\/fr\/contrebandiers-2022-jour-apres-jour\/\">cet autre post<\/a> que nous avons cr\u00e9\u00e9 sp\u00e9cialement pour vous aider au maximum dans cet exploit contrebandiers !<\/p>\n<p class=\"p1\"><a href=\"https:\/\/contrebandiers.org\/fr\/inscription\/\">Les inscriptions sont encore ouvertes,<\/a> mais d\u00e9p\u00eachez-vous car le compte \u00e0 rebours a d\u00e9j\u00e0 commenc\u00e9 !<\/p>\n","protected":false},"excerpt":{"rendered":"<p>Nous vous avons promis que Contrebandiers sera La f\u00eate sportive Pyr\u00e9n\u00e9ene, et voici la preuve que le week-end du 1er et 2 octobre sera une date que vous ne pourrez pas oublier. Jetez un coup d&rsquo;\u0153il \u00e0 tous les \u00e9v\u00e9nements que nous avons pr\u00e9par\u00e9s pour que les athl\u00e8tes, les amis ou simplement les amoureux des &hellip;<\/p>\n<p class=\"read-more\"> <a class=\"\" href=\"https:\/\/contrebandiers.org\/fr\/programme-et-horaires-definitifs-pour-contrebandiers-2022\/\"> <span class=\"screen-reader-text\">Programme et horaires d\u00e9finitifs pour Contrebandiers 2022!<\/span> Lire la suite\u00a0\u00bb<\/a><\/p>\n","protected":false},"author":2,"featured_media":2912,"comment_status":"closed","ping_status":"closed","sticky":false,"template":"","format":"standard","meta":{"site-sidebar-layout":"default","site-content-layout":"default","ast-main-header-display":"","ast-hfb-above-header-display":"","ast-hfb-below-header-display":"","ast-hfb-mobile-header-display":"","site-post-title":"","ast-breadcrumbs-content":"","ast-featured-img":"","footer-sml-layout":"","theme-transparent-header-meta":"default","adv-header-id-meta":"","stick-header-meta":"","header-above-stick-meta":"","header-main-stick-meta":"","header-below-stick-meta":"","footnotes":""},"categories":[26],"tags":[],"class_list":["post-2917","post","type-post","status-publish","format-standard","has-post-thumbnail","hentry","category-non-classifiee"],"acf":[],"yoast_head":"<!-- This site is optimized with the Yoast SEO plugin v19.1 - https:\/\/yoast.com\/wordpress\/plugins\/seo\/ -->\n<title>Programme et horaires d\u00e9finitifs pour Contrebandiers 2022! - Contrebandiers<\/title>\n<meta name=\"description\" content=\"D\u00e9couvrez les horaires de d\u00e9part de chaque \u00e9tape et tous les d\u00e9tails de l&#039;\u00e9v\u00e9nement!\" \/>\n<meta name=\"robots\" content=\"index, follow, max-snippet:-1, max-image-preview:large, max-video-preview:-1\" \/>\n<link rel=\"canonical\" href=\"https:\/\/contrebandiers.org\/fr\/programme-et-horaires-definitifs-pour-contrebandiers-2022\/\" \/>\n<meta property=\"og:locale\" content=\"fr_FR\" \/>\n<meta property=\"og:type\" content=\"article\" \/>\n<meta property=\"og:title\" content=\"Programme et horaires d\u00e9finitifs pour Contrebandiers 2022! - Contrebandiers\" \/>\n<meta property=\"og:description\" content=\"D\u00e9couvrez les horaires de d\u00e9part de chaque \u00e9tape et tous les d\u00e9tails de l&#039;\u00e9v\u00e9nement!\" \/>\n<meta property=\"og:url\" content=\"https:\/\/contrebandiers.org\/fr\/programme-et-horaires-definitifs-pour-contrebandiers-2022\/\" \/>\n<meta property=\"og:site_name\" content=\"Contrebandiers\" \/>\n<meta property=\"article:publisher\" content=\"https:\/\/www.facebook.com\/contrebandierstrail\" \/>\n<meta property=\"article:published_time\" content=\"2022-09-08T21:00:38+00:00\" \/>\n<meta property=\"og:image\" content=\"https:\/\/contrebandiers.org\/wp-content\/uploads\/2022\/09\/WhatsApp-Image-2022-09-07-at-2.27.26-PM-1-e1662671141168.jpeg\" \/>\n\t<meta property=\"og:image:width\" content=\"933\" \/>\n\t<meta property=\"og:image:height\" content=\"231\" \/>\n\t<meta property=\"og:image:type\" content=\"image\/jpeg\" \/>\n<meta name=\"twitter:card\" content=\"summary_large_image\" \/>\n<meta name=\"twitter:label1\" content=\"\u00c9crit par\" \/>\n\t<meta name=\"twitter:data1\" content=\"javier-insolito\" \/>\n\t<meta name=\"twitter:label2\" content=\"Dur\u00e9e de lecture estim\u00e9e\" \/>\n\t<meta name=\"twitter:data2\" content=\"1 minute\" \/>\n<script type=\"application\/ld+json\" class=\"yoast-schema-graph\">{\"@context\":\"https:\/\/schema.org\",\"@graph\":[{\"@type\":\"Organization\",\"@id\":\"https:\/\/contrebandiers.org\/fr\/#organization\",\"name\":\"Contrebandiers\",\"url\":\"https:\/\/contrebandiers.org\/fr\/\",\"sameAs\":[\"https:\/\/www.instagram.com\/contrebandierstrail\/\",\"https:\/\/www.facebook.com\/contrebandierstrail\"],\"logo\":{\"@type\":\"ImageObject\",\"inLanguage\":\"fr-FR\",\"@id\":\"https:\/\/contrebandiers.org\/fr\/#\/schema\/logo\/image\/\",\"url\":\"https:\/\/contrebandiers.org\/wp-content\/uploads\/2022\/04\/logo_contrabandiers_header.svg\",\"contentUrl\":\"https:\/\/contrebandiers.org\/wp-content\/uploads\/2022\/04\/logo_contrabandiers_header.svg\",\"width\":266,\"height\":130,\"caption\":\"Contrebandiers\"},\"image\":{\"@id\":\"https:\/\/contrebandiers.org\/fr\/#\/schema\/logo\/image\/\"}},{\"@type\":\"WebSite\",\"@id\":\"https:\/\/contrebandiers.org\/fr\/#website\",\"url\":\"https:\/\/contrebandiers.org\/fr\/\",\"name\":\"Contrebandiers\",\"description\":\"Trail + MTB transfrontier\",\"publisher\":{\"@id\":\"https:\/\/contrebandiers.org\/fr\/#organization\"},\"potentialAction\":[{\"@type\":\"SearchAction\",\"target\":{\"@type\":\"EntryPoint\",\"urlTemplate\":\"https:\/\/contrebandiers.org\/fr\/?s={search_term_string}\"},\"query-input\":\"required name=search_term_string\"}],\"inLanguage\":\"fr-FR\"},{\"@type\":\"ImageObject\",\"inLanguage\":\"fr-FR\",\"@id\":\"https:\/\/contrebandiers.org\/fr\/programme-et-horaires-definitifs-pour-contrebandiers-2022\/#primaryimage\",\"url\":\"https:\/\/contrebandiers.org\/wp-content\/uploads\/2022\/09\/WhatsApp-Image-2022-09-07-at-2.27.26-PM-1-e1662671141168.jpeg\",\"contentUrl\":\"https:\/\/contrebandiers.org\/wp-content\/uploads\/2022\/09\/WhatsApp-Image-2022-09-07-at-2.27.26-PM-1-e1662671141168.jpeg\",\"width\":933,\"height\":231,\"caption\":\"Programa\"},{\"@type\":\"WebPage\",\"@id\":\"https:\/\/contrebandiers.org\/fr\/programme-et-horaires-definitifs-pour-contrebandiers-2022\/#webpage\",\"url\":\"https:\/\/contrebandiers.org\/fr\/programme-et-horaires-definitifs-pour-contrebandiers-2022\/\",\"name\":\"Programme et horaires d\u00e9finitifs pour Contrebandiers 2022! - Contrebandiers\",\"isPartOf\":{\"@id\":\"https:\/\/contrebandiers.org\/fr\/#website\"},\"primaryImageOfPage\":{\"@id\":\"https:\/\/contrebandiers.org\/fr\/programme-et-horaires-definitifs-pour-contrebandiers-2022\/#primaryimage\"},\"datePublished\":\"2022-09-08T21:00:38+00:00\",\"dateModified\":\"2022-09-08T21:00:38+00:00\",\"description\":\"D\u00e9couvrez les horaires de d\u00e9part de chaque \u00e9tape et tous les d\u00e9tails de l'\u00e9v\u00e9nement!\",\"breadcrumb\":{\"@id\":\"https:\/\/contrebandiers.org\/fr\/programme-et-horaires-definitifs-pour-contrebandiers-2022\/#breadcrumb\"},\"inLanguage\":\"fr-FR\",\"potentialAction\":[{\"@type\":\"ReadAction\",\"target\":[\"https:\/\/contrebandiers.org\/fr\/programme-et-horaires-definitifs-pour-contrebandiers-2022\/\"]}]},{\"@type\":\"BreadcrumbList\",\"@id\":\"https:\/\/contrebandiers.org\/fr\/programme-et-horaires-definitifs-pour-contrebandiers-2022\/#breadcrumb\",\"itemListElement\":[{\"@type\":\"ListItem\",\"position\":1,\"name\":\"Inicio\",\"item\":\"https:\/\/contrebandiers.org\/fr\/\"},{\"@type\":\"ListItem\",\"position\":2,\"name\":\"Programme et horaires d\u00e9finitifs pour Contrebandiers 2022!\"}]},{\"@type\":\"Article\",\"@id\":\"https:\/\/contrebandiers.org\/fr\/programme-et-horaires-definitifs-pour-contrebandiers-2022\/#article\",\"isPartOf\":{\"@id\":\"https:\/\/contrebandiers.org\/fr\/programme-et-horaires-definitifs-pour-contrebandiers-2022\/#webpage\"},\"author\":{\"@id\":\"https:\/\/contrebandiers.org\/fr\/#\/schema\/person\/a07f369ef9c1b5cef05b8451338ad83d\"},\"headline\":\"Programme et horaires d\u00e9finitifs pour Contrebandiers 2022!\",\"datePublished\":\"2022-09-08T21:00:38+00:00\",\"dateModified\":\"2022-09-08T21:00:38+00:00\",\"mainEntityOfPage\":{\"@id\":\"https:\/\/contrebandiers.org\/fr\/programme-et-horaires-definitifs-pour-contrebandiers-2022\/#webpage\"},\"wordCount\":152,\"publisher\":{\"@id\":\"https:\/\/contrebandiers.org\/fr\/#organization\"},\"image\":{\"@id\":\"https:\/\/contrebandiers.org\/fr\/programme-et-horaires-definitifs-pour-contrebandiers-2022\/#primaryimage\"},\"thumbnailUrl\":\"https:\/\/contrebandiers.org\/wp-content\/uploads\/2022\/09\/WhatsApp-Image-2022-09-07-at-2.27.26-PM-1-e1662671141168.jpeg\",\"articleSection\":[\"Non classifi\u00e9(e)\"],\"inLanguage\":\"fr-FR\"},{\"@type\":\"Person\",\"@id\":\"https:\/\/contrebandiers.org\/fr\/#\/schema\/person\/a07f369ef9c1b5cef05b8451338ad83d\",\"name\":\"javier-insolito\"}]}<\/script>\n<!-- \/ Yoast SEO plugin. -->","yoast_head_json":{"title":"Programme et horaires d\u00e9finitifs pour Contrebandiers 2022! - Contrebandiers","description":"D\u00e9couvrez les horaires de d\u00e9part de chaque \u00e9tape et tous les d\u00e9tails de l'\u00e9v\u00e9nement!","robots":{"index":"index","follow":"follow","max-snippet":"max-snippet:-1","max-image-preview":"max-image-preview:large","max-video-preview":"max-video-preview:-1"},"canonical":"https:\/\/contrebandiers.org\/fr\/programme-et-horaires-definitifs-pour-contrebandiers-2022\/","og_locale":"fr_FR","og_type":"article","og_title":"Programme et horaires d\u00e9finitifs pour Contrebandiers 2022! - Contrebandiers","og_description":"D\u00e9couvrez les horaires de d\u00e9part de chaque \u00e9tape et tous les d\u00e9tails de l'\u00e9v\u00e9nement!","og_url":"https:\/\/contrebandiers.org\/fr\/programme-et-horaires-definitifs-pour-contrebandiers-2022\/","og_site_name":"Contrebandiers","article_publisher":"https:\/\/www.facebook.com\/contrebandierstrail","article_published_time":"2022-09-08T21:00:38+00:00","og_image":[{"width":933,"height":231,"url":"https:\/\/contrebandiers.org\/wp-content\/uploads\/2022\/09\/WhatsApp-Image-2022-09-07-at-2.27.26-PM-1-e1662671141168.jpeg","type":"image\/jpeg"}],"twitter_card":"summary_large_image","twitter_misc":{"\u00c9crit par":"javier-insolito","Dur\u00e9e de lecture estim\u00e9e":"1 minute"},"schema":{"@context":"https:\/\/schema.org","@graph":[{"@type":"Organization","@id":"https:\/\/contrebandiers.org\/fr\/#organization","name":"Contrebandiers","url":"https:\/\/contrebandiers.org\/fr\/","sameAs":["https:\/\/www.instagram.com\/contrebandierstrail\/","https:\/\/www.facebook.com\/contrebandierstrail"],"logo":{"@type":"ImageObject","inLanguage":"fr-FR","@id":"https:\/\/contrebandiers.org\/fr\/#\/schema\/logo\/image\/","url":"https:\/\/contrebandiers.org\/wp-content\/uploads\/2022\/04\/logo_contrabandiers_header.svg","contentUrl":"https:\/\/contrebandiers.org\/wp-content\/uploads\/2022\/04\/logo_contrabandiers_header.svg","width":266,"height":130,"caption":"Contrebandiers"},"image":{"@id":"https:\/\/contrebandiers.org\/fr\/#\/schema\/logo\/image\/"}},{"@type":"WebSite","@id":"https:\/\/contrebandiers.org\/fr\/#website","url":"https:\/\/contrebandiers.org\/fr\/","name":"Contrebandiers","description":"Trail + MTB transfrontier","publisher":{"@id":"https:\/\/contrebandiers.org\/fr\/#organization"},"potentialAction":[{"@type":"SearchAction","target":{"@type":"EntryPoint","urlTemplate":"https:\/\/contrebandiers.org\/fr\/?s={search_term_string}"},"query-input":"required name=search_term_string"}],"inLanguage":"fr-FR"},{"@type":"ImageObject","inLanguage":"fr-FR","@id":"https:\/\/contrebandiers.org\/fr\/programme-et-horaires-definitifs-pour-contrebandiers-2022\/#primaryimage","url":"https:\/\/contrebandiers.org\/wp-content\/uploads\/2022\/09\/WhatsApp-Image-2022-09-07-at-2.27.26-PM-1-e1662671141168.jpeg","contentUrl":"https:\/\/contrebandiers.org\/wp-content\/uploads\/2022\/09\/WhatsApp-Image-2022-09-07-at-2.27.26-PM-1-e1662671141168.jpeg","width":933,"height":231,"caption":"Programa"},{"@type":"WebPage","@id":"https:\/\/contrebandiers.org\/fr\/programme-et-horaires-definitifs-pour-contrebandiers-2022\/#webpage","url":"https:\/\/contrebandiers.org\/fr\/programme-et-horaires-definitifs-pour-contrebandiers-2022\/","name":"Programme et horaires d\u00e9finitifs pour Contrebandiers 2022! - Contrebandiers","isPartOf":{"@id":"https:\/\/contrebandiers.org\/fr\/#website"},"primaryImageOfPage":{"@id":"https:\/\/contrebandiers.org\/fr\/programme-et-horaires-definitifs-pour-contrebandiers-2022\/#primaryimage"},"datePublished":"2022-09-08T21:00:38+00:00","dateModified":"2022-09-08T21:00:38+00:00","description":"D\u00e9couvrez les horaires de d\u00e9part de chaque \u00e9tape et tous les d\u00e9tails de l'\u00e9v\u00e9nement!","breadcrumb":{"@id":"https:\/\/contrebandiers.org\/fr\/programme-et-horaires-definitifs-pour-contrebandiers-2022\/#breadcrumb"},"inLanguage":"fr-FR","potentialAction":[{"@type":"ReadAction","target":["https:\/\/contrebandiers.org\/fr\/programme-et-horaires-definitifs-pour-contrebandiers-2022\/"]}]},{"@type":"BreadcrumbList","@id":"https:\/\/contrebandiers.org\/fr\/programme-et-horaires-definitifs-pour-contrebandiers-2022\/#breadcrumb","itemListElement":[{"@type":"ListItem","position":1,"name":"Inicio","item":"https:\/\/contrebandiers.org\/fr\/"},{"@type":"ListItem","position":2,"name":"Programme et horaires d\u00e9finitifs pour Contrebandiers 2022!"}]},{"@type":"Article","@id":"https:\/\/contrebandiers.org\/fr\/programme-et-horaires-definitifs-pour-contrebandiers-2022\/#article","isPartOf":{"@id":"https:\/\/contrebandiers.org\/fr\/programme-et-horaires-definitifs-pour-contrebandiers-2022\/#webpage"},"author":{"@id":"https:\/\/contrebandiers.org\/fr\/#\/schema\/person\/a07f369ef9c1b5cef05b8451338ad83d"},"headline":"Programme et horaires d\u00e9finitifs pour Contrebandiers 2022!","datePublished":"2022-09-08T21:00:38+00:00","dateModified":"2022-09-08T21:00:38+00:00","mainEntityOfPage":{"@id":"https:\/\/contrebandiers.org\/fr\/programme-et-horaires-definitifs-pour-contrebandiers-2022\/#webpage"},"wordCount":152,"publisher":{"@id":"https:\/\/contrebandiers.org\/fr\/#organization"},"image":{"@id":"https:\/\/contrebandiers.org\/fr\/programme-et-horaires-definitifs-pour-contrebandiers-2022\/#primaryimage"},"thumbnailUrl":"https:\/\/contrebandiers.org\/wp-content\/uploads\/2022\/09\/WhatsApp-Image-2022-09-07-at-2.27.26-PM-1-e1662671141168.jpeg","articleSection":["Non classifi\u00e9(e)"],"inLanguage":"fr-FR"},{"@type":"Person","@id":"https:\/\/contrebandiers.org\/fr\/#\/schema\/person\/a07f369ef9c1b5cef05b8451338ad83d","name":"javier-insolito"}]}},"_links":{"self":[{"href":"https:\/\/contrebandiers.org\/fr\/wp-json\/wp\/v2\/posts\/2917","targetHints":{"allow":["GET"]}}],"collection":[{"href":"https:\/\/contrebandiers.org\/fr\/wp-json\/wp\/v2\/posts"}],"about":[{"href":"https:\/\/contrebandiers.org\/fr\/wp-json\/wp\/v2\/types\/post"}],"author":[{"embeddable":true,"href":"https:\/\/contrebandiers.org\/fr\/wp-json\/wp\/v2\/users\/2"}],"replies":[{"embeddable":true,"href":"https:\/\/contrebandiers.org\/fr\/wp-json\/wp\/v2\/comments?post=2917"}],"version-history":[{"count":0,"href":"https:\/\/contrebandiers.org\/fr\/wp-json\/wp\/v2\/posts\/2917\/revisions"}],"wp:featuredmedia":[{"embeddable":true,"href":"https:\/\/contrebandiers.org\/fr\/wp-json\/wp\/v2\/media\/2912"}],"wp:attachment":[{"href":"https:\/\/contrebandiers.org\/fr\/wp-json\/wp\/v2\/media?parent=2917"}],"wp:term":[{"taxonomy":"category","embeddable":true,"href":"https:\/\/contrebandiers.org\/fr\/wp-json\/wp\/v2\/categories?post=2917"},{"taxonomy":"post_tag","embeddable":true,"href":"https:\/\/contrebandiers.org\/fr\/wp-json\/wp\/v2\/tags?post=2917"}],"curies":[{"name":"wp","href":"https:\/\/api.w.org\/{rel}","templated":true}]}}